{"id":226,"date":"2021-12-08T21:54:00","date_gmt":"2021-12-08T20:54:00","guid":{"rendered":"https:\/\/skks.ch\/sternenklar\/?p=226"},"modified":"2022-02-16T10:05:09","modified_gmt":"2022-02-16T09:05:09","slug":"sternenklar-adventsanlass-2021","status":"publish","type":"post","link":"https:\/\/skks.ch\/sternenklar\/sternenklar-adventsanlass-2021\/","title":{"rendered":"Sternenklar Adventsanlass 2021"},"content":{"rendered":"\n<p> <\/p>\n\n\n\n<div class=\"wp-block-cover alignfull\" style=\"min-height:800px;aspect-ratio:unset;\"><span aria-hidden=\"true\" class=\"has-background-dim-60 wp-block-cover__gradient-background has-background-dim\"><\/span><img loading=\"lazy\" decoding=\"async\" width=\"2016\" height=\"1512\" class=\"wp-block-cover__image-background wp-image-228\" alt=\"\" src=\"https:\/\/skks.ch\/sternenklar\/wp-content\/uploads\/Sternenklar-Anlass-2021_Adventsanlass_Thurgau-mit-Musik-Panfloetenspiel-1.jpg\" data-object-fit=\"cover\" srcset=\"https:\/\/skks.ch\/sternenklar\/wp-content\/uploads\/Sternenklar-Anlass-2021_Adventsanlass_Thurgau-mit-Musik-Panfloetenspiel-1.jpg 2016w, https:\/\/skks.ch\/sternenklar\/wp-content\/uploads\/Sternenklar-Anlass-2021_Adventsanlass_Thurgau-mit-Musik-Panfloetenspiel-1-300x225.jpg 300w, https:\/\/skks.ch\/sternenklar\/wp-content\/uploads\/Sternenklar-Anlass-2021_Adventsanlass_Thurgau-mit-Musik-Panfloetenspiel-1-1024x768.jpg 1024w, https:\/\/skks.ch\/sternenklar\/wp-content\/uploads\/Sternenklar-Anlass-2021_Adventsanlass_Thurgau-mit-Musik-Panfloetenspiel-1-768x576.jpg 768w, https:\/\/skks.ch\/sternenklar\/wp-content\/uploads\/Sternenklar-Anlass-2021_Adventsanlass_Thurgau-mit-Musik-Panfloetenspiel-1-1536x1152.jpg 1536w, https:\/\/skks.ch\/sternenklar\/wp-content\/uploads\/Sternenklar-Anlass-2021_Adventsanlass_Thurgau-mit-Musik-Panfloetenspiel-1-1200x900.jpg 1200w\" sizes=\"auto, (max-width: 2016px) 100vw, 2016px\" \/><div class=\"wp-block-cover__inner-container is-layout-flow wp-block-cover-is-layout-flow\">\n<h2 class=\"alignwide has-text-color wp-block-heading\" id=\"wald-1\" style=\"color:#ffe074;font-size:64px\">Panfl\u00f6tenkl\u00e4nge.<\/h2>\n\n\n\n<div class=\"wp-block-columns alignwide is-layout-flex wp-container-core-columns-is-layout-9d6595d7 wp-block-columns-is-layout-flex\">\n<div class=\"wp-block-column is-layout-flow wp-block-column-is-layout-flow\" style=\"flex-basis:55%\">\n<div style=\"height:330px\" aria-hidden=\"true\" class=\"wp-block-spacer\"><\/div>\n\n\n\n<p class=\"has-text-align-right has-text-color\" style=\"color:#ffe074;font-size:12px;line-height:1.3\"><em>Festliche Umrahmung des Adventsanlass vom 08. Dezember 2021 mit Gedichten und Panfl\u00f6tenkl\u00e4ngen von Monika Th\u00fcrlemann und dem &#8222;Panfl\u00f6ten-Ensemble&#8220;.  <\/em><\/p>\n<\/div>\n\n\n\n<div class=\"wp-block-column is-layout-flow wp-block-column-is-layout-flow\"><\/div>\n<\/div>\n<\/div><\/div>\n\n\n\n<div class=\"wp-block-columns is-layout-flex wp-container-core-columns-is-layout-9d6595d7 wp-block-columns-is-layout-flex\">\n<div class=\"wp-block-column is-layout-flow wp-block-column-is-layout-flow\">\n<figure class=\"wp-block-image size-large\"><img loading=\"lazy\" decoding=\"async\" width=\"768\" height=\"1024\" src=\"https:\/\/skks.ch\/sternenklar\/wp-content\/uploads\/Sternenklar_Anlass_2021_08.Dezember2021_Terrasse-Restaurant-Klein-Rigi_Feuerschale-Atmosphaere_warm_Feuer-768x1024.jpg\" alt=\"Feuerschale\" class=\"wp-image-221\" srcset=\"https:\/\/skks.ch\/sternenklar\/wp-content\/uploads\/Sternenklar_Anlass_2021_08.Dezember2021_Terrasse-Restaurant-Klein-Rigi_Feuerschale-Atmosphaere_warm_Feuer-768x1024.jpg 768w, https:\/\/skks.ch\/sternenklar\/wp-content\/uploads\/Sternenklar_Anlass_2021_08.Dezember2021_Terrasse-Restaurant-Klein-Rigi_Feuerschale-Atmosphaere_warm_Feuer-225x300.jpg 225w, https:\/\/skks.ch\/sternenklar\/wp-content\/uploads\/Sternenklar_Anlass_2021_08.Dezember2021_Terrasse-Restaurant-Klein-Rigi_Feuerschale-Atmosphaere_warm_Feuer-1152x1536.jpg 1152w, https:\/\/skks.ch\/sternenklar\/wp-content\/uploads\/Sternenklar_Anlass_2021_08.Dezember2021_Terrasse-Restaurant-Klein-Rigi_Feuerschale-Atmosphaere_warm_Feuer-1200x1600.jpg 1200w, https:\/\/skks.ch\/sternenklar\/wp-content\/uploads\/Sternenklar_Anlass_2021_08.Dezember2021_Terrasse-Restaurant-Klein-Rigi_Feuerschale-Atmosphaere_warm_Feuer.jpg 1512w\" sizes=\"auto, (max-width: 768px) 100vw, 768px\" \/><figcaption>W\u00e4rme spenden u.a. die diversen Feuerschalen auf der Garten-Terrasse des Restaurant Klein Rigi als auch der allj\u00e4hrliche &#8211; vom Klein Rigi offerierte &#8211; Gl\u00fchwein oder die warme Suppe. <\/figcaption><\/figure>\n\n\n\n<p style=\"font-size:14px\"><strong>Herzlichen Dank an alle Spenderinnen und Spender f\u00fcr die Treue und die allj\u00e4hrliche Unterst\u00fctzung vom Projekt Sternenklar.<\/strong><br>www.Sternenklar.ch<\/p>\n<\/div>\n\n\n\n<div class=\"wp-block-column is-layout-flow wp-block-column-is-layout-flow\">\n<div style=\"height:100px\" aria-hidden=\"true\" class=\"wp-block-spacer\"><\/div>\n\n\n\n<p style=\"font-size:14px\"><strong>Trotz heftigem Schneefall fanden zahlreiche Sternenguckerinnen und Sterngucker den Weg zum Sternenklar-Anlass vom 08. Dezember 2021.<\/strong><br>Gartenterrasse Klein Rigi<\/p>\n\n\n\n<figure class=\"wp-block-image size-large\"><img loading=\"lazy\" decoding=\"async\" width=\"996\" height=\"1024\" src=\"https:\/\/skks.ch\/sternenklar\/wp-content\/uploads\/Sternenklar_Anlass_2021_08.Dezember2021_Terrasse-Restaurant-Klein-Rigi_Musik_Feuerschale-Feuer-Adventanlass_advent-e1645002214978-996x1024.jpg\" alt=\"Sternenklar Advents Anlass 2021 mit Musik\" class=\"wp-image-222\" srcset=\"https:\/\/skks.ch\/sternenklar\/wp-content\/uploads\/Sternenklar_Anlass_2021_08.Dezember2021_Terrasse-Restaurant-Klein-Rigi_Musik_Feuerschale-Feuer-Adventanlass_advent-e1645002214978-996x1024.jpg 996w, https:\/\/skks.ch\/sternenklar\/wp-content\/uploads\/Sternenklar_Anlass_2021_08.Dezember2021_Terrasse-Restaurant-Klein-Rigi_Musik_Feuerschale-Feuer-Adventanlass_advent-e1645002214978-292x300.jpg 292w, https:\/\/skks.ch\/sternenklar\/wp-content\/uploads\/Sternenklar_Anlass_2021_08.Dezember2021_Terrasse-Restaurant-Klein-Rigi_Musik_Feuerschale-Feuer-Adventanlass_advent-e1645002214978-768x789.jpg 768w, https:\/\/skks.ch\/sternenklar\/wp-content\/uploads\/Sternenklar_Anlass_2021_08.Dezember2021_Terrasse-Restaurant-Klein-Rigi_Musik_Feuerschale-Feuer-Adventanlass_advent-e1645002214978-1200x1233.jpg 1200w, https:\/\/skks.ch\/sternenklar\/wp-content\/uploads\/Sternenklar_Anlass_2021_08.Dezember2021_Terrasse-Restaurant-Klein-Rigi_Musik_Feuerschale-Feuer-Adventanlass_advent-e1645002214978.jpg 1471w\" sizes=\"auto, (max-width: 996px) 100vw, 996px\" \/><\/figure>\n<\/div>\n<\/div>\n","protected":false},"excerpt":{"rendered":"<p>Herzlichen Dank an alle Spenderinnen und Spender f\u00fcr die Treue und die allj\u00e4hrliche Unterst\u00fctzung vom Projekt Sternenklar.www.Sternenklar.ch Trotz heftigem Schneefall fanden zahlreiche Sternenguckerinnen und Sterngucker den Weg zum Sternenklar-Anlass vom 08. Dezember 2021.Gartenterrasse Klein Rigi<\/p>\n","protected":false},"author":1,"featured_media":0,"comment_status":"closed","ping_status":"closed","sticky":false,"template":"","format":"standard","meta":{"footnotes":""},"categories":[1],"tags":[7,8,11,13,17,18,14,16,15,6,9,10,12],"class_list":{"0":"post-226","1":"post","2":"type-post","3":"status-publish","4":"format-standard","5":"hentry","6":"category-sternenklar-events","7":"tag-advent","8":"tag-adventanlass","9":"tag-adventsanlass-mit-musik","10":"tag-festliche-musik","11":"tag-monika-thuerlemann","12":"tag-musikerinnen","13":"tag-panfloetenspiel-von-frau-monika-thuerlemann","14":"tag-panfloeten-ensemble","15":"tag-panfloetenklaenge","16":"tag-schnee","17":"tag-sternenklar","18":"tag-sternenklare-nacht","19":"tag-weihnachtsklaenge","21":"no-featured-image"},"_links":{"self":[{"href":"https:\/\/skks.ch\/sternenklar\/wp-json\/wp\/v2\/posts\/226","targetHints":{"allow":["GET"]}}],"collection":[{"href":"https:\/\/skks.ch\/sternenklar\/wp-json\/wp\/v2\/posts"}],"about":[{"href":"https:\/\/skks.ch\/sternenklar\/wp-json\/wp\/v2\/types\/post"}],"author":[{"embeddable":true,"href":"https:\/\/skks.ch\/sternenklar\/wp-json\/wp\/v2\/users\/1"}],"replies":[{"embeddable":true,"href":"https:\/\/skks.ch\/sternenklar\/wp-json\/wp\/v2\/comments?post=226"}],"version-history":[{"count":6,"href":"https:\/\/skks.ch\/sternenklar\/wp-json\/wp\/v2\/posts\/226\/revisions"}],"predecessor-version":[{"id":237,"href":"https:\/\/skks.ch\/sternenklar\/wp-json\/wp\/v2\/posts\/226\/revisions\/237"}],"wp:attachment":[{"href":"https:\/\/skks.ch\/sternenklar\/wp-json\/wp\/v2\/media?parent=226"}],"wp:term":[{"taxonomy":"category","embeddable":true,"href":"https:\/\/skks.ch\/sternenklar\/wp-json\/wp\/v2\/categories?post=226"},{"taxonomy":"post_tag","embeddable":true,"href":"https:\/\/skks.ch\/sternenklar\/wp-json\/wp\/v2\/tags?post=226"}],"curies":[{"name":"wp","href":"https:\/\/api.w.org\/{rel}","templated":true}]}}